{"id":1272,"date":"2021-04-16T18:26:39","date_gmt":"2021-04-16T16:26:39","guid":{"rendered":"http:\/\/voulangis.fr\/?p=1272"},"modified":"2021-05-13T20:27:40","modified_gmt":"2021-05-13T18:27:40","slug":"rejoignez-lexposition-virtuelle-des-artistes-de-voulangis","status":"publish","type":"post","link":"https:\/\/voulangis.fr\/?p=1272","title":{"rendered":"Rejoignez l&#8217;exposition virtuelle des artistes de Voulangis"},"content":{"rendered":"<div align=\"justify\">L&#8217;exposition virtuelle des Talents du Village s&#8217;annonce prometteuse avec d\u00e9j\u00e0 plusieurs artistes voulangeois qui ont r\u00e9pondu \u00e0 l&#8217;appel.<br \/>\nNous nous adaptons \u00e0 la situation, et, si l&#8217;on ne peut pas organiser encore d&#8217;exposition au 104, c&#8217;est l&#8217;exposition qui s&#8217;invite dans les foyers gr\u00e2ce \u00e0 internet.<br \/>\nChaque artiste pr\u00e9sentera plusieurs de ses \u0153uvres ainsi que, s&#8217;il le souhaite, une expos\u00e9 de sa d\u00e9marche et de son parcours.<br \/>\nBien s\u00fbr, nous pouvons assurer la prise de photo des \u0153uvres. Nous invitons les artistes qui ne l&#8217;on pas encore fait \u00e0 se faire connaitre d\u00e8s que possible par un mail \u00e0 : contact@voulangis.fr ou directement sur le site <a href=\"http:\/\/voulangis.fr\/?page_id=638\">Page contact<\/a><\/p>\n<p>Nous pr\u00e9voyons de mettre en ligne l&#8217;exposition virtuelle vers le 15 mai, ne tardez pas trop !<\/p>\n<\/div>\n","protected":false},"excerpt":{"rendered":"<p>Artistes voulangeois, participez \u00e0 l&#8217;exposition virtuelle des talents du Village.<\/p>\n","protected":false},"author":1,"featured_media":1318,"comment_status":"closed","ping_status":"open","sticky":false,"template":"","format":"standard","meta":{"footnotes":""},"categories":[14],"tags":[],"class_list":["post-1272","post","type-post","status-publish","format-standard","has-post-thumbnail","hentry","category-patrimoine"],"_links":{"self":[{"href":"https:\/\/voulangis.fr\/index.php?rest_route=\/wp\/v2\/posts\/1272"}],"collection":[{"href":"https:\/\/voulangis.fr\/index.php?rest_route=\/wp\/v2\/posts"}],"about":[{"href":"https:\/\/voulangis.fr\/index.php?rest_route=\/wp\/v2\/types\/post"}],"author":[{"embeddable":true,"href":"https:\/\/voulangis.fr\/index.php?rest_route=\/wp\/v2\/users\/1"}],"replies":[{"embeddable":true,"href":"https:\/\/voulangis.fr\/index.php?rest_route=%2Fwp%2Fv2%2Fcomments&post=1272"}],"version-history":[{"count":4,"href":"https:\/\/voulangis.fr\/index.php?rest_route=\/wp\/v2\/posts\/1272\/revisions"}],"predecessor-version":[{"id":1276,"href":"https:\/\/voulangis.fr\/index.php?rest_route=\/wp\/v2\/posts\/1272\/revisions\/1276"}],"wp:featuredmedia":[{"embeddable":true,"href":"https:\/\/voulangis.fr\/index.php?rest_route=\/wp\/v2\/media\/1318"}],"wp:attachment":[{"href":"https:\/\/voulangis.fr\/index.php?rest_route=%2Fwp%2Fv2%2Fmedia&parent=1272"}],"wp:term":[{"taxonomy":"category","embeddable":true,"href":"https:\/\/voulangis.fr\/index.php?rest_route=%2Fwp%2Fv2%2Fcategories&post=1272"},{"taxonomy":"post_tag","embeddable":true,"href":"https:\/\/voulangis.fr\/index.php?rest_route=%2Fwp%2Fv2%2Ftags&post=1272"}],"curies":[{"name":"wp","href":"https:\/\/api.w.org\/{rel}","templated":true}]}}