{"id":159,"date":"2015-05-08T18:29:40","date_gmt":"2015-05-08T18:29:40","guid":{"rendered":""},"modified":"-0001-11-30T00:00:00","modified_gmt":"-0001-11-29T22:00:00","slug":"","status":"publish","type":"post","link":"https:\/\/voulangis.fr\/?p=159","title":{"rendered":"Comm\u00e9moration de la victoire de 1945"},"content":{"rendered":"<p>En ce 8 mai, nous avons comm\u00e9mor\u00e9 la victoire de 1945, en cet anniversaire des 70 ans.<br \/>\nApr\u00e8s le discours du Maire, une gerbe fut d\u00e9pos\u00e9e, puis les enfants des \u00e9coles ont entonn\u00e9 la Marseille.<\/p>\n<div align=\"center\">\n<img decoding=\"async\" src=\"\/IMG\/evenements\/8-mai-2015\/01.jpg\"><br \/>\nD\u00e9part du cort\u00e8ge de la mairie<br \/>\n<img decoding=\"async\" src=\"\/IMG\/evenements\/8-mai-2015\/02.jpg\"><br \/>\nDirection le monument aux morts<br \/>\n<img decoding=\"async\" src=\"\/IMG\/evenements\/8-mai-2015\/03.jpg\"><br \/>\nM le Maire ouvre la marche<br \/>\n<img decoding=\"async\" src=\"\/IMG\/evenements\/8-mai-2015\/04.jpg\"><br \/>\nLes jeunes Sapeurs Pompiers au garde-\u00e0-vous<br \/>\n<img decoding=\"async\" src=\"\/IMG\/evenements\/8-mai-2015\/05.jpg\"><br \/>\nM le Maire nous rappelle ce que fut cette guerre qui fit 60 millions de morts au nom d&#8217;une id\u00e9ologie d&#8217;intol\u00e9rance<br \/>\n<img decoding=\"async\" src=\"\/IMG\/evenements\/8-mai-2015\/06.jpg\"><br \/>\nD\u00e9pot d&#8217;une gerbe au monument aux morts<br \/>\n<img decoding=\"async\" src=\"\/IMG\/evenements\/8-mai-2015\/07.jpg\"><br \/>\nUn message sp\u00e9cialement aux enfants qui sont notre avenir : &#8220;Veillez \u00e0 qu&#8217;il n&#8217;y ait plus jamais \u00e7a&#8221;<br \/>\n<img decoding=\"async\" src=\"\/IMG\/evenements\/8-mai-2015\/08.jpg\"><br \/>\nLa marseille est jou\u00e9e<br \/>\n<img decoding=\"async\" src=\"\/IMG\/evenements\/8-mai-2015\/09.jpg\"><br \/>\nPuis chant\u00e9e par les enfants des \u00e9coles<br \/>\n<img decoding=\"async\" src=\"\/IMG\/evenements\/8-mai-2015\/10.jpg\"><br \/>\nEt salu\u00e9e par nos militaires\n<\/div>\n","protected":false},"excerpt":{"rendered":"<p>En ce 8 mai, nous avons comm\u00e9mor\u00e9 la victoire de 1945, en cet anniversaire des 70 ans. Apr\u00e8s le discours du Maire, une gerbe fut d\u00e9pos\u00e9e, puis les enfants des \u00e9coles ont entonn\u00e9 la&#46;&#46;&#46;<\/p>\n","protected":false},"author":1,"featured_media":0,"comment_status":"open","ping_status":"open","sticky":false,"template":"","format":"standard","meta":{"footnotes":""},"categories":[34],"tags":[],"class_list":["post-159","post","type-post","status-publish","format-standard","hentry","category-34"],"_links":{"self":[{"href":"https:\/\/voulangis.fr\/index.php?rest_route=\/wp\/v2\/posts\/159"}],"collection":[{"href":"https:\/\/voulangis.fr\/index.php?rest_route=\/wp\/v2\/posts"}],"about":[{"href":"https:\/\/voulangis.fr\/index.php?rest_route=\/wp\/v2\/types\/post"}],"author":[{"embeddable":true,"href":"https:\/\/voulangis.fr\/index.php?rest_route=\/wp\/v2\/users\/1"}],"replies":[{"embeddable":true,"href":"https:\/\/voulangis.fr\/index.php?rest_route=%2Fwp%2Fv2%2Fcomments&post=159"}],"version-history":[{"count":0,"href":"https:\/\/voulangis.fr\/index.php?rest_route=\/wp\/v2\/posts\/159\/revisions"}],"wp:attachment":[{"href":"https:\/\/voulangis.fr\/index.php?rest_route=%2Fwp%2Fv2%2Fmedia&parent=159"}],"wp:term":[{"taxonomy":"category","embeddable":true,"href":"https:\/\/voulangis.fr\/index.php?rest_route=%2Fwp%2Fv2%2Fcategories&post=159"},{"taxonomy":"post_tag","embeddable":true,"href":"https:\/\/voulangis.fr\/index.php?rest_route=%2Fwp%2Fv2%2Ftags&post=159"}],"curies":[{"name":"wp","href":"https:\/\/api.w.org\/{rel}","templated":true}]}}