{"id":2462,"date":"2023-02-06T11:37:16","date_gmt":"2023-02-06T10:37:16","guid":{"rendered":"http:\/\/voulangis.fr\/?p=2462"},"modified":"2023-02-06T17:00:41","modified_gmt":"2023-02-06T16:00:41","slug":"visite-de-notre-espace-naturel-sensible","status":"publish","type":"post","link":"https:\/\/voulangis.fr\/?p=2462","title":{"rendered":"Visite de notre Espace Naturel Sensible"},"content":{"rendered":"\n<p>Samedi 11 f\u00e9vrier \u00e0 14h, nous ouvrons notre Espace Naturel Sensible au public. Nous vous proposons une belle promenade champ\u00eatre et instructive dans les bois et autour de nos zones humides. C&#8217;est un secteur que peu de voulangeois connaissent, et vous d\u00e9couvrirez que la nature en hiver a aussi ses secrets et ses merveilles. R\u00e9servation obligatoire : contact@voulangis.fr<\/p>\n\n\n\n<figure class=\"wp-block-image size-large\"><img loading=\"lazy\" decoding=\"async\" width=\"724\" height=\"1024\" src=\"http:\/\/voulangis.fr\/wp-content\/uploads\/2023\/02\/ENS-02-11-23-v2-724x1024.jpg\" alt=\"\" class=\"wp-image-2463\" srcset=\"https:\/\/voulangis.fr\/wp-content\/uploads\/2023\/02\/ENS-02-11-23-v2-724x1024.jpg 724w, https:\/\/voulangis.fr\/wp-content\/uploads\/2023\/02\/ENS-02-11-23-v2-212x300.jpg 212w, https:\/\/voulangis.fr\/wp-content\/uploads\/2023\/02\/ENS-02-11-23-v2-768x1086.jpg 768w, https:\/\/voulangis.fr\/wp-content\/uploads\/2023\/02\/ENS-02-11-23-v2-1086x1536.jpg 1086w, https:\/\/voulangis.fr\/wp-content\/uploads\/2023\/02\/ENS-02-11-23-v2.jpg 1169w\" sizes=\"(max-width: 724px) 100vw, 724px\" \/><\/figure>\n","protected":false},"excerpt":{"rendered":"<p>Samedi 11 f\u00e9vrier \u00e0 14h, nous ouvrons notre Espace Naturel Sensible au public. Nous vous proposons une belle promenade champ\u00eatre et instructive dans les bois et autour de nos zones humides. C&#8217;est un secteur&#46;&#46;&#46;<\/p>\n","protected":false},"author":1,"featured_media":2465,"comment_status":"closed","ping_status":"closed","sticky":false,"template":"","format":"standard","meta":{"footnotes":""},"categories":[68,14],"tags":[],"class_list":["post-2462","post","type-post","status-publish","format-standard","has-post-thumbnail","hentry","category-nature","category-patrimoine"],"_links":{"self":[{"href":"https:\/\/voulangis.fr\/index.php?rest_route=\/wp\/v2\/posts\/2462"}],"collection":[{"href":"https:\/\/voulangis.fr\/index.php?rest_route=\/wp\/v2\/posts"}],"about":[{"href":"https:\/\/voulangis.fr\/index.php?rest_route=\/wp\/v2\/types\/post"}],"author":[{"embeddable":true,"href":"https:\/\/voulangis.fr\/index.php?rest_route=\/wp\/v2\/users\/1"}],"replies":[{"embeddable":true,"href":"https:\/\/voulangis.fr\/index.php?rest_route=%2Fwp%2Fv2%2Fcomments&post=2462"}],"version-history":[{"count":2,"href":"https:\/\/voulangis.fr\/index.php?rest_route=\/wp\/v2\/posts\/2462\/revisions"}],"predecessor-version":[{"id":2466,"href":"https:\/\/voulangis.fr\/index.php?rest_route=\/wp\/v2\/posts\/2462\/revisions\/2466"}],"wp:featuredmedia":[{"embeddable":true,"href":"https:\/\/voulangis.fr\/index.php?rest_route=\/wp\/v2\/media\/2465"}],"wp:attachment":[{"href":"https:\/\/voulangis.fr\/index.php?rest_route=%2Fwp%2Fv2%2Fmedia&parent=2462"}],"wp:term":[{"taxonomy":"category","embeddable":true,"href":"https:\/\/voulangis.fr\/index.php?rest_route=%2Fwp%2Fv2%2Fcategories&post=2462"},{"taxonomy":"post_tag","embeddable":true,"href":"https:\/\/voulangis.fr\/index.php?rest_route=%2Fwp%2Fv2%2Ftags&post=2462"}],"curies":[{"name":"wp","href":"https:\/\/api.w.org\/{rel}","templated":true}]}}