{"id":2523,"date":"2023-03-06T15:27:47","date_gmt":"2023-03-06T14:27:47","guid":{"rendered":"http:\/\/voulangis.fr\/?p=2523"},"modified":"2023-03-06T15:27:47","modified_gmt":"2023-03-06T14:27:47","slug":"conseil-municipal-le-14-mars-2023","status":"publish","type":"post","link":"https:\/\/voulangis.fr\/?p=2523","title":{"rendered":"Conseil municipal le 14 mars 2023"},"content":{"rendered":"\n<p><\/p>\n\n\n\n<p><strong>Conseil<\/strong><strong> <\/strong><strong>Municipal du Mardi 14 mars 2023 \u00e0 19h00<\/strong><\/p>\n\n\n\n<p><strong><u>Salle des mariages \u2013 Mairie de Voulangis<\/u><\/strong><\/p>\n\n\n\n<p><strong><u>Ordre du jour<\/u><\/strong><strong>&nbsp;:<\/strong><strong><\/strong><\/p>\n\n\n\n<ul class=\"wp-block-list\"><li>Approbation du compte-rendu de la derni\u00e8re s\u00e9ance&nbsp;;<\/li><\/ul>\n\n\n\n<p><strong>SUBVENTIONS<\/strong><\/p>\n\n\n\n<ul class=\"wp-block-list\"><li>Demande de subvention aupr\u00e8s de l\u2019Etat dans le cadre du fonds vert&nbsp;(Axe n\u00b01&nbsp;: R\u00e9novation \u00e9nerg\u00e9tique des b\u00e2timents publics locaux)&nbsp;;<\/li><li>Demande de subvention aupr\u00e8s de l\u2019Etat dans le cadre du fonds vert&nbsp;(Axe n\u00b01&nbsp;: R\u00e9novation des parcs de luminaires d\u2019\u00e9clairage public)&nbsp;;<\/li><\/ul>\n\n\n\n<ul class=\"wp-block-list\"><li>Demande de subvention aupr\u00e8s de la R\u00e9gion Ile-de-France dans le cadre de l\u2019appel \u00e0 projets \u00ab&nbsp;R\u00e9novation \u00e9nerg\u00e9tique du patrimoine public&nbsp;\u00bb&nbsp;;<\/li><li>Demande de subvention aupr\u00e8s de la R\u00e9gion Ile-de-France dans le cadre de l\u2019appel \u00e0 projets \u00ab&nbsp;R\u00e9duction de l\u2019impact de la pollution lumineuse et cr\u00e9ation de trame noire&nbsp;\u00bb&nbsp;;<\/li><\/ul>\n\n\n\n<ul class=\"wp-block-list\"><li>Demande de subvention aupr\u00e8s du Minist\u00e8re de la Culture pour des travaux sur monuments ou objets class\u00e9s ou inscrits au titre des monuments historiques.<\/li><\/ul>\n\n\n\n<ul class=\"wp-block-list\"><li>Questions diverses.<\/li><\/ul>\n","protected":false},"excerpt":{"rendered":"<p>Conseil Municipal du Mardi 14 mars 2023 \u00e0 19h00 Salle des mariages \u2013 Mairie de Voulangis Ordre du jour&nbsp;: Approbation du compte-rendu de la derni\u00e8re s\u00e9ance&nbsp;; SUBVENTIONS Demande de subvention aupr\u00e8s de l\u2019Etat dans&#46;&#46;&#46;<\/p>\n","protected":false},"author":1,"featured_media":2495,"comment_status":"open","ping_status":"open","sticky":false,"template":"","format":"standard","meta":{"footnotes":""},"categories":[53],"tags":[],"class_list":["post-2523","post","type-post","status-publish","format-standard","has-post-thumbnail","hentry","category-ordres-du-jour-conseils-municipaux"],"_links":{"self":[{"href":"https:\/\/voulangis.fr\/index.php?rest_route=\/wp\/v2\/posts\/2523"}],"collection":[{"href":"https:\/\/voulangis.fr\/index.php?rest_route=\/wp\/v2\/posts"}],"about":[{"href":"https:\/\/voulangis.fr\/index.php?rest_route=\/wp\/v2\/types\/post"}],"author":[{"embeddable":true,"href":"https:\/\/voulangis.fr\/index.php?rest_route=\/wp\/v2\/users\/1"}],"replies":[{"embeddable":true,"href":"https:\/\/voulangis.fr\/index.php?rest_route=%2Fwp%2Fv2%2Fcomments&post=2523"}],"version-history":[{"count":1,"href":"https:\/\/voulangis.fr\/index.php?rest_route=\/wp\/v2\/posts\/2523\/revisions"}],"predecessor-version":[{"id":2524,"href":"https:\/\/voulangis.fr\/index.php?rest_route=\/wp\/v2\/posts\/2523\/revisions\/2524"}],"wp:featuredmedia":[{"embeddable":true,"href":"https:\/\/voulangis.fr\/index.php?rest_route=\/wp\/v2\/media\/2495"}],"wp:attachment":[{"href":"https:\/\/voulangis.fr\/index.php?rest_route=%2Fwp%2Fv2%2Fmedia&parent=2523"}],"wp:term":[{"taxonomy":"category","embeddable":true,"href":"https:\/\/voulangis.fr\/index.php?rest_route=%2Fwp%2Fv2%2Fcategories&post=2523"},{"taxonomy":"post_tag","embeddable":true,"href":"https:\/\/voulangis.fr\/index.php?rest_route=%2Fwp%2Fv2%2Ftags&post=2523"}],"curies":[{"name":"wp","href":"https:\/\/api.w.org\/{rel}","templated":true}]}}