{"id":2695,"date":"2023-06-29T15:14:54","date_gmt":"2023-06-29T13:14:54","guid":{"rendered":"http:\/\/voulangis.fr\/?p=2695"},"modified":"2023-06-29T15:14:54","modified_gmt":"2023-06-29T13:14:54","slug":"voulstock-le-8-juillet","status":"publish","type":"post","link":"https:\/\/voulangis.fr\/?p=2695","title":{"rendered":"VOULSTOCK le 8 juillet"},"content":{"rendered":"\n<p>R\u00e9servez le samedi 8 juillet pour venir \u00e0 l&#8217;incontournable Festival de Voulangis : VOULSTOCK. C&#8217;est de 14h \u00e0 1h du matin, entr\u00e9e : seulement 12 euros. Voici le programme enfin d\u00e9voil\u00e9 : <\/p>\n\n\n\n<figure class=\"wp-block-image size-large\"><img loading=\"lazy\" decoding=\"async\" width=\"735\" height=\"1024\" src=\"http:\/\/voulangis.fr\/wp-content\/uploads\/2023\/06\/programme-735x1024.jpg\" alt=\"\" class=\"wp-image-2696\" srcset=\"https:\/\/voulangis.fr\/wp-content\/uploads\/2023\/06\/programme-735x1024.jpg 735w, https:\/\/voulangis.fr\/wp-content\/uploads\/2023\/06\/programme-215x300.jpg 215w, https:\/\/voulangis.fr\/wp-content\/uploads\/2023\/06\/programme-768x1069.jpg 768w, https:\/\/voulangis.fr\/wp-content\/uploads\/2023\/06\/programme-1103x1536.jpg 1103w, https:\/\/voulangis.fr\/wp-content\/uploads\/2023\/06\/programme.jpg 1149w\" sizes=\"(max-width: 735px) 100vw, 735px\" \/><\/figure>\n\n\n\n<figure class=\"wp-block-image size-large\"><img loading=\"lazy\" decoding=\"async\" width=\"761\" height=\"1024\" src=\"http:\/\/voulangis.fr\/wp-content\/uploads\/2023\/06\/affiche2-761x1024.jpg\" alt=\"\" class=\"wp-image-2697\" srcset=\"https:\/\/voulangis.fr\/wp-content\/uploads\/2023\/06\/affiche2-761x1024.jpg 761w, https:\/\/voulangis.fr\/wp-content\/uploads\/2023\/06\/affiche2-223x300.jpg 223w, https:\/\/voulangis.fr\/wp-content\/uploads\/2023\/06\/affiche2-768x1034.jpg 768w, https:\/\/voulangis.fr\/wp-content\/uploads\/2023\/06\/affiche2-1141x1536.jpg 1141w, https:\/\/voulangis.fr\/wp-content\/uploads\/2023\/06\/affiche2-1522x2048.jpg 1522w, https:\/\/voulangis.fr\/wp-content\/uploads\/2023\/06\/affiche2-scaled.jpg 1902w\" sizes=\"(max-width: 761px) 100vw, 761px\" \/><\/figure>\n","protected":false},"excerpt":{"rendered":"<p>R\u00e9servez le samedi 8 juillet pour venir \u00e0 l&#8217;incontournable Festival de Voulangis : VOULSTOCK. C&#8217;est de 14h \u00e0 1h du matin, entr\u00e9e : seulement 12 euros. Voici le programme enfin d\u00e9voil\u00e9 :<\/p>\n","protected":false},"author":1,"featured_media":2698,"comment_status":"closed","ping_status":"closed","sticky":false,"template":"","format":"standard","meta":{"footnotes":""},"categories":[27],"tags":[],"class_list":["post-2695","post","type-post","status-publish","format-standard","has-post-thumbnail","hentry","category-manifestations"],"_links":{"self":[{"href":"https:\/\/voulangis.fr\/index.php?rest_route=\/wp\/v2\/posts\/2695"}],"collection":[{"href":"https:\/\/voulangis.fr\/index.php?rest_route=\/wp\/v2\/posts"}],"about":[{"href":"https:\/\/voulangis.fr\/index.php?rest_route=\/wp\/v2\/types\/post"}],"author":[{"embeddable":true,"href":"https:\/\/voulangis.fr\/index.php?rest_route=\/wp\/v2\/users\/1"}],"replies":[{"embeddable":true,"href":"https:\/\/voulangis.fr\/index.php?rest_route=%2Fwp%2Fv2%2Fcomments&post=2695"}],"version-history":[{"count":1,"href":"https:\/\/voulangis.fr\/index.php?rest_route=\/wp\/v2\/posts\/2695\/revisions"}],"predecessor-version":[{"id":2699,"href":"https:\/\/voulangis.fr\/index.php?rest_route=\/wp\/v2\/posts\/2695\/revisions\/2699"}],"wp:featuredmedia":[{"embeddable":true,"href":"https:\/\/voulangis.fr\/index.php?rest_route=\/wp\/v2\/media\/2698"}],"wp:attachment":[{"href":"https:\/\/voulangis.fr\/index.php?rest_route=%2Fwp%2Fv2%2Fmedia&parent=2695"}],"wp:term":[{"taxonomy":"category","embeddable":true,"href":"https:\/\/voulangis.fr\/index.php?rest_route=%2Fwp%2Fv2%2Fcategories&post=2695"},{"taxonomy":"post_tag","embeddable":true,"href":"https:\/\/voulangis.fr\/index.php?rest_route=%2Fwp%2Fv2%2Ftags&post=2695"}],"curies":[{"name":"wp","href":"https:\/\/api.w.org\/{rel}","templated":true}]}}