{"id":2742,"date":"2020-06-01T15:57:00","date_gmt":"2020-06-01T13:57:00","guid":{"rendered":"http:\/\/voulangis.fr\/?p=2742"},"modified":"2025-01-14T14:49:20","modified_gmt":"2025-01-14T13:49:20","slug":"le-lavoir-du-limacon","status":"publish","type":"post","link":"https:\/\/voulangis.fr\/?p=2742","title":{"rendered":"Le lavoir du lima\u00e7on"},"content":{"rendered":"\n<p>A l\u2019origine c&#8217;\u00e9tait une simple fontaine (plan des ann\u00e9es 1820).  La loi du 3 f\u00e9vrier 1851 afin de favoriser la construction de lavoirs accorde des subventions de 30%. Il s&#8217;inscrit dans un contexte sanitaire de lutte contre les \u00e9pid\u00e9mies de chol\u00e9ra, de variole et de tipho\u00efde. <\/p>\n\n\n\n<p>La fonction premi\u00e8re du lavoir \u00e9tait le rin\u00e7age du linge pr\u00e9alablement lav\u00e9. <\/p>\n\n\n\n<p>La seconde fonction est sociale, c\u2019est l\u2019endroit o\u00f9 les lavandi\u00e8res se rencontrent, et \u00e9changent les nouvelles du village &#8230; <\/p>\n\n\n\n<figure class=\"wp-block-image size-large\"><img loading=\"lazy\" decoding=\"async\" width=\"1024\" height=\"595\" src=\"http:\/\/voulangis.fr\/wp-content\/uploads\/2023\/08\/plan-1824-limacon-1024x595.png\" alt=\"\" class=\"wp-image-2746\" srcset=\"https:\/\/voulangis.fr\/wp-content\/uploads\/2023\/08\/plan-1824-limacon-1024x595.png 1024w, https:\/\/voulangis.fr\/wp-content\/uploads\/2023\/08\/plan-1824-limacon-300x174.png 300w, https:\/\/voulangis.fr\/wp-content\/uploads\/2023\/08\/plan-1824-limacon-768x446.png 768w, https:\/\/voulangis.fr\/wp-content\/uploads\/2023\/08\/plan-1824-limacon.png 1038w\" sizes=\"(max-width: 1024px) 100vw, 1024px\" \/><\/figure>\n\n\n\n<p>En 1910 le Conseil Municipal d\u00e9cida de le couvrir d\u2019un toit en zinc.<br>\nEn 1986, le toit en mauvais \u00e9tat est enlev\u00e9e.<br>\nEn 2003, le Pays Cr\u00e9\u00e7ois r\u00e9nova le lavoir dans le style d\u2019origine.<\/p>\n\n\n\n<figure class=\"wp-block-image size-large\"><img loading=\"lazy\" decoding=\"async\" width=\"1024\" height=\"683\" src=\"http:\/\/voulangis.fr\/wp-content\/uploads\/2023\/08\/P3-5-1024x683.jpg\" alt=\"\" class=\"wp-image-2748\" srcset=\"https:\/\/voulangis.fr\/wp-content\/uploads\/2023\/08\/P3-5-1024x683.jpg 1024w, https:\/\/voulangis.fr\/wp-content\/uploads\/2023\/08\/P3-5-300x200.jpg 300w, https:\/\/voulangis.fr\/wp-content\/uploads\/2023\/08\/P3-5-768x512.jpg 768w, https:\/\/voulangis.fr\/wp-content\/uploads\/2023\/08\/P3-5-1536x1024.jpg 1536w, https:\/\/voulangis.fr\/wp-content\/uploads\/2023\/08\/P3-5-2048x1365.jpg 2048w\" sizes=\"(max-width: 1024px) 100vw, 1024px\" \/><\/figure>\n\n\n\n<p>En 2023, la municipalit\u00e9 de Voulangis d\u00e9cida de le restaurer. Le bassin  fut r\u00e9par\u00e9, \u00e9tanch\u00e9ifi\u00e9,  le bois des plans inclin\u00e9s fut remplac\u00e9 par du b\u00e9ton. <br>Enfin, les boiseries dont la fonction premi\u00e8re \u00e9tait de  supporter le linge ont \u00e9t\u00e9 r\u00e9nov\u00e9es.<\/p>\n\n\n\n<figure class=\"wp-block-image size-full\"><img loading=\"lazy\" decoding=\"async\" width=\"1000\" height=\"566\" src=\"http:\/\/voulangis.fr\/wp-content\/uploads\/2023\/08\/lavoir-serrien.jpg\" alt=\"\" class=\"wp-image-2747\" srcset=\"https:\/\/voulangis.fr\/wp-content\/uploads\/2023\/08\/lavoir-serrien.jpg 1000w, https:\/\/voulangis.fr\/wp-content\/uploads\/2023\/08\/lavoir-serrien-300x170.jpg 300w, https:\/\/voulangis.fr\/wp-content\/uploads\/2023\/08\/lavoir-serrien-768x435.jpg 768w\" sizes=\"(max-width: 1000px) 100vw, 1000px\" \/><\/figure>\n\n\n\n<p>Il y eut plusieurs lavoirs dans la commune, donc celui de la fontaine Serrien qui \u00e9tait construit sur le m\u00eame mod\u00e8le, et qui a malheureusement disparu.<br>Citons aussi celui de la route de Melun construit au milieu du XXI\u00e8me si\u00e8cle et qui ne servit pas longtemps.<br>Le long du Grand-Morin, il y eut \u00e9galement 2 bateaux-lavoirs, un pr\u00e8s du pont Dam&#8217;Gilles et un autre au bas de la rue des Meylets.<\/p>\n\n\n\n<figure class=\"wp-block-image size-full\"><img loading=\"lazy\" decoding=\"async\" width=\"887\" height=\"558\" src=\"http:\/\/voulangis.fr\/wp-content\/uploads\/2023\/09\/lavoir-saint-martin-2.jpg\" alt=\"\" class=\"wp-image-2768\" srcset=\"https:\/\/voulangis.fr\/wp-content\/uploads\/2023\/09\/lavoir-saint-martin-2.jpg 887w, https:\/\/voulangis.fr\/wp-content\/uploads\/2023\/09\/lavoir-saint-martin-2-300x189.jpg 300w, https:\/\/voulangis.fr\/wp-content\/uploads\/2023\/09\/lavoir-saint-martin-2-768x483.jpg 768w\" sizes=\"(max-width: 887px) 100vw, 887px\" \/><\/figure>\n\n\n\n<figure class=\"wp-block-image size-large\"><img loading=\"lazy\" decoding=\"async\" width=\"1024\" height=\"683\" src=\"https:\/\/voulangis.fr\/wp-content\/uploads\/2024\/09\/DSC_4331-1024x683.jpg\" alt=\"\" class=\"wp-image-3301\" srcset=\"https:\/\/voulangis.fr\/wp-content\/uploads\/2024\/09\/DSC_4331-1024x683.jpg 1024w, https:\/\/voulangis.fr\/wp-content\/uploads\/2024\/09\/DSC_4331-300x200.jpg 300w, https:\/\/voulangis.fr\/wp-content\/uploads\/2024\/09\/DSC_4331-768x512.jpg 768w, https:\/\/voulangis.fr\/wp-content\/uploads\/2024\/09\/DSC_4331-1536x1024.jpg 1536w, https:\/\/voulangis.fr\/wp-content\/uploads\/2024\/09\/DSC_4331-2048x1365.jpg 2048w\" sizes=\"(max-width: 1024px) 100vw, 1024px\" \/><\/figure>\n\n\n\n<p>Inauguration de la restauration en septembre 2023 avec le spectacle d&#8217;une conteuse.<\/p>\n","protected":false},"excerpt":{"rendered":"<p>A l\u2019origine c&#8217;\u00e9tait une simple fontaine (plan des ann\u00e9es 1820). La loi du 3 f\u00e9vrier 1851 afin de favoriser la construction de lavoirs accorde des subventions de 30%. Il s&#8217;inscrit dans un contexte sanitaire&#46;&#46;&#46;<\/p>\n","protected":false},"author":1,"featured_media":0,"comment_status":"closed","ping_status":"closed","sticky":false,"template":"","format":"standard","meta":{"footnotes":""},"categories":[14],"tags":[],"class_list":["post-2742","post","type-post","status-publish","format-standard","hentry","category-patrimoine"],"_links":{"self":[{"href":"https:\/\/voulangis.fr\/index.php?rest_route=\/wp\/v2\/posts\/2742"}],"collection":[{"href":"https:\/\/voulangis.fr\/index.php?rest_route=\/wp\/v2\/posts"}],"about":[{"href":"https:\/\/voulangis.fr\/index.php?rest_route=\/wp\/v2\/types\/post"}],"author":[{"embeddable":true,"href":"https:\/\/voulangis.fr\/index.php?rest_route=\/wp\/v2\/users\/1"}],"replies":[{"embeddable":true,"href":"https:\/\/voulangis.fr\/index.php?rest_route=%2Fwp%2Fv2%2Fcomments&post=2742"}],"version-history":[{"count":9,"href":"https:\/\/voulangis.fr\/index.php?rest_route=\/wp\/v2\/posts\/2742\/revisions"}],"predecessor-version":[{"id":3405,"href":"https:\/\/voulangis.fr\/index.php?rest_route=\/wp\/v2\/posts\/2742\/revisions\/3405"}],"wp:attachment":[{"href":"https:\/\/voulangis.fr\/index.php?rest_route=%2Fwp%2Fv2%2Fmedia&parent=2742"}],"wp:term":[{"taxonomy":"category","embeddable":true,"href":"https:\/\/voulangis.fr\/index.php?rest_route=%2Fwp%2Fv2%2Fcategories&post=2742"},{"taxonomy":"post_tag","embeddable":true,"href":"https:\/\/voulangis.fr\/index.php?rest_route=%2Fwp%2Fv2%2Ftags&post=2742"}],"curies":[{"name":"wp","href":"https:\/\/api.w.org\/{rel}","templated":true}]}}