{"id":283,"date":"2016-06-29T10:48:37","date_gmt":"2016-06-29T10:48:37","guid":{"rendered":""},"modified":"2022-03-31T16:01:40","modified_gmt":"2022-03-31T14:01:40","slug":"souvenir-de-la-fete-du-village-2016","status":"publish","type":"post","link":"https:\/\/voulangis.fr\/?p=283","title":{"rendered":"Souvenir de la f\u00eate du village 2016"},"content":{"rendered":"<div align=\"justify\">Le dimanche 19 juin 2016, malgr\u00e9 une m\u00e9t\u00e9o matinale incertaine, malgr\u00e9 un terrain glissant, la f\u00eate du village a pu se d\u00e9rouler avec un magnifique soleil qui s&#8217;est lev\u00e9 vers 10h.<\/p>\n<p>Nous remercions particuli\u00e8rement les membres de la commune et des associations qui se sont impliqu\u00e9s dans cette aventure.<\/p>\n<\/div>\n<div align=\"justify\">\nNous remercions \u00e9galement nos agriculteurs, et en particulier Michel VALLEE et Laurent SCOQUARD qui ont pr\u00e9vus les terrassements et les ballots de paille g\u00e9n\u00e9reusement fournis pour \u00e9viter de \u00ab patauger \u00bb.<\/p>\n<p>Toutes les attractions et stands \u00e9taient en place pour le plaisir de tous.<\/p>\n<p>Un cross a ouvert les festivit\u00e9s \u00e0 10h30 du matin, avec possibilit\u00e9 de 3 parcours plus ou moins difficile de 3 \u00e0 9km : les tortues, les li\u00e8vres et les gazelles.<\/p>\n<p>Puis sont entr\u00e9s en lisse les tournois de football des petits et des grands,  avec une finale entre les \u00ab papa de Voulangis \u00bb et l&#8217;AS SANCY support\u00e9s par monsieur Luc PARFUS Maire de Sancy les Meaux. Puis s?est la distribution des m\u00e9dailles et des coupes.<\/p>\n<p>Toute la journ\u00e9e les gonflables et man\u00e8ges , mur d&#8217;escalade ont ravis les petits.<\/p>\n<p>Des spectacles ont \u00e9maill\u00e9s cette journ\u00e9e avec le cirque, initiation au Karat\u00e9 par l&#8217;association  du CKS, jeux avec loterie du lapin organis\u00e9s par le club de Gym.<\/p>\n<p>Le midi, et toute l&#8217;apr\u00e8s midi, saucisses frites, g\u00e2teaux, cr\u00eapes et glaces sont au rendez-vous. Le comit\u00e9 des f\u00eates a offert \u00e0 tous un kir Pamplemousse pour l&#8217;ap\u00e9ritif.<\/p>\n<p>Enfin, un tournoi de p\u00e9tanque sur notre nouveau terrain s?est d\u00e9roul\u00e9 avec 10 \u00e9quipes qui s?est sold\u00e9 par une remise de m\u00e9daille et de coupes aux gagnants :<\/p>\n<p>&#8211; 1er ex \u00e9co  Christophe et St\u00e9phane<br \/>\n&#8211; 1er ex \u00e9co  Anicet Bonnet et Daniel Noury<br \/>\n&#8211; 3\u00e8me Philippe et Pascal PAVOT<br \/>\n&#8211; 4\u00e8me Jean Paul Georgin et Henry Laborie<\/p>\n<\/div>\n<div align=\"center\">\n<img decoding=\"async\" src=\"\/IMG\/evenements\/fete_2016\/006.JPG\"><br \/>\nD\u00e9part de la course<br \/>\n<img decoding=\"async\" src=\"\/IMG\/evenements\/fete_2016\/011.JPG\"><br \/>\n<img decoding=\"async\" src=\"\/IMG\/evenements\/fete_2016\/001.jpg\"><br \/>\n<img decoding=\"async\" src=\"\/IMG\/evenements\/fete_2016\/002.jpg\"><br \/>\nLes concourrents en plein effort sur nos chemins<br \/>\n<img decoding=\"async\" src=\"\/IMG\/evenements\/fete_2016\/003.jpg\"><br \/>\n<img decoding=\"async\" src=\"\/IMG\/evenements\/fete_2016\/004.jpg\"><br \/>\n<img decoding=\"async\" src=\"\/IMG\/evenements\/fete_2016\/012.JPG\"><br \/>\nPendant ce temps d\u00e9but des activit\u00e9s de jeu<br \/>\n<img decoding=\"async\" src=\"\/IMG\/evenements\/fete_2016\/016.JPG\"><br \/>\nLes rafraichissements attendent les courreurs \u00e0 l&#8217;arriv\u00e9e avec le comit\u00e9 d&#8217;accueil<br \/>\n<img decoding=\"async\" src=\"\/IMG\/evenements\/fete_2016\/019.JPG\"><br \/>\n<img decoding=\"async\" src=\"\/IMG\/evenements\/fete_2016\/020.JPG\"><br \/>\n<img decoding=\"async\" src=\"\/IMG\/evenements\/fete_2016\/024.JPG\"><br \/>\nLes gagnants des 3 cat\u00e9gories<br \/>\n<img decoding=\"async\" src=\"\/IMG\/evenements\/fete_2016\/025.JPG\"><br \/>\nPlace \u00e0 la restauration<br \/>\n<img decoding=\"async\" src=\"\/IMG\/evenements\/fete_2016\/026.JPG\"><br \/>\n<img decoding=\"async\" src=\"\/IMG\/evenements\/fete_2016\/027.JPG\"><br \/>\n<img decoding=\"async\" src=\"\/IMG\/evenements\/fete_2016\/035.JPG\"><br \/>\nLe mur d&#8217;escalade<br \/>\n<img decoding=\"async\" src=\"\/IMG\/evenements\/fete_2016\/043.JPG\"><br \/>\nSpectacle de cirque<br \/>\n<img decoding=\"async\" src=\"\/IMG\/evenements\/fete_2016\/047.JPG\"><br \/>\n<img decoding=\"async\" src=\"\/IMG\/evenements\/fete_2016\/052.JPG\"><br \/>\n<img decoding=\"async\" src=\"\/IMG\/evenements\/fete_2016\/058.JPG\"><br \/>\nPlace aux jeux<br \/>\n<img decoding=\"async\" src=\"\/IMG\/evenements\/fete_2016\/070.JPG\"><br \/>\n<img decoding=\"async\" src=\"\/IMG\/evenements\/fete_2016\/071.JPG\"><br \/>\n<img decoding=\"async\" src=\"\/IMG\/evenements\/fete_2016\/030.jpg\"><br \/>\n<img decoding=\"async\" src=\"\/IMG\/evenements\/fete_2016\/031.jpg\"><br \/>\n<img decoding=\"async\" src=\"\/IMG\/evenements\/fete_2016\/032.jpg\"><br \/>\n<img decoding=\"async\" src=\"\/IMG\/evenements\/fete_2016\/059.JPG\"><br \/>\nTournoi de foot<br \/>\n<img decoding=\"async\" src=\"\/IMG\/evenements\/fete_2016\/080.JPG\"><br \/>\nFace \u00e0 SANCY<br \/>\n<img decoding=\"async\" src=\"\/IMG\/evenements\/fete_2016\/089.JPG\"><br \/>\n<img decoding=\"async\" src=\"\/IMG\/evenements\/fete_2016\/091.JPG\"><br \/>\n<img decoding=\"async\" src=\"\/IMG\/evenements\/fete_2016\/068.JPG\"><br \/>\nTournoi de p\u00e9tanque<br \/>\n<img decoding=\"async\" src=\"\/IMG\/evenements\/fete_2016\/092.JPG\"><br \/>\n<img decoding=\"async\" src=\"\/IMG\/evenements\/fete_2016\/095.JPG\"><\/div>\n","protected":false},"excerpt":{"rendered":"<p>Le dimanche 19 juin 2016, malgr\u00e9 une m\u00e9t\u00e9o matinale incertaine, malgr\u00e9 un terrain glissant, la f\u00eate du village a pu se d\u00e9rouler avec un magnifique soleil qui s&#8217;est lev\u00e9 vers 10h. Nous remercions particuli\u00e8rement&#46;&#46;&#46;<\/p>\n","protected":false},"author":1,"featured_media":0,"comment_status":"open","ping_status":"open","sticky":false,"template":"","format":"standard","meta":{"footnotes":""},"categories":[35],"tags":[],"class_list":["post-283","post","type-post","status-publish","format-standard","hentry","category-35"],"_links":{"self":[{"href":"https:\/\/voulangis.fr\/index.php?rest_route=\/wp\/v2\/posts\/283"}],"collection":[{"href":"https:\/\/voulangis.fr\/index.php?rest_route=\/wp\/v2\/posts"}],"about":[{"href":"https:\/\/voulangis.fr\/index.php?rest_route=\/wp\/v2\/types\/post"}],"author":[{"embeddable":true,"href":"https:\/\/voulangis.fr\/index.php?rest_route=\/wp\/v2\/users\/1"}],"replies":[{"embeddable":true,"href":"https:\/\/voulangis.fr\/index.php?rest_route=%2Fwp%2Fv2%2Fcomments&post=283"}],"version-history":[{"count":1,"href":"https:\/\/voulangis.fr\/index.php?rest_route=\/wp\/v2\/posts\/283\/revisions"}],"predecessor-version":[{"id":2002,"href":"https:\/\/voulangis.fr\/index.php?rest_route=\/wp\/v2\/posts\/283\/revisions\/2002"}],"wp:attachment":[{"href":"https:\/\/voulangis.fr\/index.php?rest_route=%2Fwp%2Fv2%2Fmedia&parent=283"}],"wp:term":[{"taxonomy":"category","embeddable":true,"href":"https:\/\/voulangis.fr\/index.php?rest_route=%2Fwp%2Fv2%2Fcategories&post=283"},{"taxonomy":"post_tag","embeddable":true,"href":"https:\/\/voulangis.fr\/index.php?rest_route=%2Fwp%2Fv2%2Ftags&post=283"}],"curies":[{"name":"wp","href":"https:\/\/api.w.org\/{rel}","templated":true}]}}