{"id":3543,"date":"2025-06-15T09:47:11","date_gmt":"2025-06-15T07:47:11","guid":{"rendered":"https:\/\/voulangis.fr\/?p=3543"},"modified":"2025-06-15T09:47:11","modified_gmt":"2025-06-15T07:47:11","slug":"conseil-municipal-jeudi-19-juin","status":"publish","type":"post","link":"https:\/\/voulangis.fr\/?p=3543","title":{"rendered":"Conseil municipal jeudi 19 juin"},"content":{"rendered":"\n<p><strong>Conseil<\/strong><strong> <\/strong><strong>Municipal du jeudi 19 juin 2025 \u00e0 19h00<\/strong><\/p>\n\n\n\n<p><strong><u>Salle des mariages \u2013 Mairie de Voulangis<\/u><\/strong><\/p>\n\n\n\n<p><strong><u>Ordre du jour<\/u><\/strong><strong>&nbsp;:<\/strong><strong><\/strong><\/p>\n\n\n\n<ul class=\"wp-block-list\">\n<li>Approbation du proc\u00e8s-verbal de la derni\u00e8re s\u00e9ance\u00a0;<\/li>\n<\/ul>\n\n\n\n<p><strong>RESSOURCES HUMAINES<\/strong><\/p>\n\n\n\n<ul class=\"wp-block-list\">\n<li>Cr\u00e9ation d\u2019un poste d\u2019adjoint technique territorial pour accroissement temporaire d\u2019activit\u00e9\u00a0;<\/li>\n<\/ul>\n\n\n\n<p><strong>SCOLAIRE ET PERISCOLAIRE<\/strong><\/p>\n\n\n\n<ul class=\"wp-block-list\">\n<li>Convention de r\u00e9partition des charges de fonctionnement des \u00e9coles publiques pour l\u2019accueil d\u2019enfant en classe d\u2019Unit\u00e9 Externalis\u00e9e d\u2019Enseignement Polyhandicap (UEEP) avec la Ville de Meaux\u00a0;<\/li>\n\n\n\n<li>Convention pour participation financi\u00e8re \u2013 Accueil de loisirs de Cr\u00e9cy la Chapelle pour les vacances et le mercredi\u00a0;<\/li>\n\n\n\n<li>Participation aux frais de transport carte Imagine R\u00a0;<\/li>\n<\/ul>\n\n\n\n<p><strong>SUBVENTION<\/strong><\/p>\n\n\n\n<ul class=\"wp-block-list\">\n<li>Demande de subvention aupr\u00e8s du D\u00e9partement de Seine et Marne\u00a0: Fonds d\u2019\u00e9quipement rural \u2013 Ann\u00e9e 2025\u00a0;<\/li>\n\n\n\n<li>Vote d\u2019une subvention aux Repr\u00e9sentants des Parents d\u2019El\u00e8ves pour l\u2019organisation de la kermesse de l\u2019\u00e9cole\u00a0;<\/li>\n<\/ul>\n\n\n\n<ul class=\"wp-block-list\">\n<li>Questions diverses.<\/li>\n<\/ul>\n\n\n\n<p><\/p>\n","protected":false},"excerpt":{"rendered":"<p>Conseil Municipal du jeudi 19 juin 2025 \u00e0 19h00 Salle des mariages \u2013 Mairie de Voulangis Ordre du jour&nbsp;: RESSOURCES HUMAINES SCOLAIRE ET PERISCOLAIRE SUBVENTION<\/p>\n","protected":false},"author":1,"featured_media":0,"comment_status":"closed","ping_status":"closed","sticky":false,"template":"","format":"standard","meta":{"footnotes":""},"categories":[53],"tags":[],"class_list":["post-3543","post","type-post","status-publish","format-standard","hentry","category-ordres-du-jour-conseils-municipaux"],"_links":{"self":[{"href":"https:\/\/voulangis.fr\/index.php?rest_route=\/wp\/v2\/posts\/3543"}],"collection":[{"href":"https:\/\/voulangis.fr\/index.php?rest_route=\/wp\/v2\/posts"}],"about":[{"href":"https:\/\/voulangis.fr\/index.php?rest_route=\/wp\/v2\/types\/post"}],"author":[{"embeddable":true,"href":"https:\/\/voulangis.fr\/index.php?rest_route=\/wp\/v2\/users\/1"}],"replies":[{"embeddable":true,"href":"https:\/\/voulangis.fr\/index.php?rest_route=%2Fwp%2Fv2%2Fcomments&post=3543"}],"version-history":[{"count":1,"href":"https:\/\/voulangis.fr\/index.php?rest_route=\/wp\/v2\/posts\/3543\/revisions"}],"predecessor-version":[{"id":3544,"href":"https:\/\/voulangis.fr\/index.php?rest_route=\/wp\/v2\/posts\/3543\/revisions\/3544"}],"wp:attachment":[{"href":"https:\/\/voulangis.fr\/index.php?rest_route=%2Fwp%2Fv2%2Fmedia&parent=3543"}],"wp:term":[{"taxonomy":"category","embeddable":true,"href":"https:\/\/voulangis.fr\/index.php?rest_route=%2Fwp%2Fv2%2Fcategories&post=3543"},{"taxonomy":"post_tag","embeddable":true,"href":"https:\/\/voulangis.fr\/index.php?rest_route=%2Fwp%2Fv2%2Ftags&post=3543"}],"curies":[{"name":"wp","href":"https:\/\/api.w.org\/{rel}","templated":true}]}}