{"id":3635,"date":"2025-11-03T18:13:40","date_gmt":"2025-11-03T17:13:40","guid":{"rendered":"https:\/\/voulangis.fr\/?p=3635"},"modified":"2025-11-03T18:13:41","modified_gmt":"2025-11-03T17:13:41","slug":"commemoration-du-11-novembre-2","status":"publish","type":"post","link":"https:\/\/voulangis.fr\/?p=3635","title":{"rendered":"Comm\u00e9moration du 11 novembre"},"content":{"rendered":"\n<p>Selon la tradition, en ce mardi 11 novembre, nous c\u00e9l\u00e8brerons la fin de la guerre 14-18.<\/p>\n\n\n\n<p>A 10h une c\u00e9r\u00e9monie aura lieu au monument aux morts, avec remise d\u2019une gerbe en pr\u00e9sence des officiels, des enfants des \u00e9coles et des voulangeois. D\u00e9part du cort\u00e8ge devant la mairie.<\/p>\n\n\n\n<p>A 10h30, nous nous retrouverons au 104, pour un pot de l\u2019amiti\u00e9 autour de plats de charcuterie et de fromages pour f\u00eater la Saint-Martin, autrefois&nbsp;symbole de la fin des travaux des champs.<br>Une exposition autour de la guerre sera \u00e9galement propos\u00e9e.<\/p>\n\n\n\n<figure class=\"wp-block-image size-large\"><img loading=\"lazy\" decoding=\"async\" width=\"791\" height=\"1024\" src=\"https:\/\/voulangis.fr\/wp-content\/uploads\/2025\/11\/11nov2025-791x1024.jpg\" alt=\"\" class=\"wp-image-3636\" srcset=\"https:\/\/voulangis.fr\/wp-content\/uploads\/2025\/11\/11nov2025-791x1024.jpg 791w, https:\/\/voulangis.fr\/wp-content\/uploads\/2025\/11\/11nov2025-232x300.jpg 232w, https:\/\/voulangis.fr\/wp-content\/uploads\/2025\/11\/11nov2025-768x994.jpg 768w, https:\/\/voulangis.fr\/wp-content\/uploads\/2025\/11\/11nov2025-1187x1536.jpg 1187w, https:\/\/voulangis.fr\/wp-content\/uploads\/2025\/11\/11nov2025-1583x2048.jpg 1583w, https:\/\/voulangis.fr\/wp-content\/uploads\/2025\/11\/11nov2025-scaled.jpg 1978w\" sizes=\"(max-width: 791px) 100vw, 791px\" \/><\/figure>\n","protected":false},"excerpt":{"rendered":"<p>Selon la tradition, en ce mardi 11 novembre, nous c\u00e9l\u00e8brerons la fin de la guerre 14-18. A 10h une c\u00e9r\u00e9monie aura lieu au monument aux morts, avec remise d\u2019une gerbe en pr\u00e9sence des officiels,&#46;&#46;&#46;<\/p>\n","protected":false},"author":1,"featured_media":0,"comment_status":"closed","ping_status":"closed","sticky":false,"template":"","format":"standard","meta":{"footnotes":""},"categories":[27],"tags":[],"class_list":["post-3635","post","type-post","status-publish","format-standard","hentry","category-manifestations"],"_links":{"self":[{"href":"https:\/\/voulangis.fr\/index.php?rest_route=\/wp\/v2\/posts\/3635"}],"collection":[{"href":"https:\/\/voulangis.fr\/index.php?rest_route=\/wp\/v2\/posts"}],"about":[{"href":"https:\/\/voulangis.fr\/index.php?rest_route=\/wp\/v2\/types\/post"}],"author":[{"embeddable":true,"href":"https:\/\/voulangis.fr\/index.php?rest_route=\/wp\/v2\/users\/1"}],"replies":[{"embeddable":true,"href":"https:\/\/voulangis.fr\/index.php?rest_route=%2Fwp%2Fv2%2Fcomments&post=3635"}],"version-history":[{"count":1,"href":"https:\/\/voulangis.fr\/index.php?rest_route=\/wp\/v2\/posts\/3635\/revisions"}],"predecessor-version":[{"id":3637,"href":"https:\/\/voulangis.fr\/index.php?rest_route=\/wp\/v2\/posts\/3635\/revisions\/3637"}],"wp:attachment":[{"href":"https:\/\/voulangis.fr\/index.php?rest_route=%2Fwp%2Fv2%2Fmedia&parent=3635"}],"wp:term":[{"taxonomy":"category","embeddable":true,"href":"https:\/\/voulangis.fr\/index.php?rest_route=%2Fwp%2Fv2%2Fcategories&post=3635"},{"taxonomy":"post_tag","embeddable":true,"href":"https:\/\/voulangis.fr\/index.php?rest_route=%2Fwp%2Fv2%2Ftags&post=3635"}],"curies":[{"name":"wp","href":"https:\/\/api.w.org\/{rel}","templated":true}]}}