{"id":48,"date":"2014-09-12T00:00:00","date_gmt":"2014-09-12T00:00:00","guid":{"rendered":""},"modified":"2021-11-04T18:10:17","modified_gmt":"2021-11-04T17:10:17","slug":"social","status":"publish","type":"post","link":"https:\/\/voulangis.fr\/?p=48","title":{"rendered":"Social"},"content":{"rendered":"<div align=\"center\">\n<table border=\"1\">\n<tbody>\n<tr>\n<td width=\"470\">Questions non m\u00e9dicales autour du Coronavirus<\/td>\n<td width=\"220\">0800.130.000<\/td>\n<\/tr>\n<tr>\n<td width=\"470\">Le <b>CCAS<\/b> (Centre Communal d&#8217;Action Sociale) est \u00e0 l&#8217;\u00e9coute des voulangeois pour r\u00e9pondre, dans la mesure de ses possibilit\u00e9s, aux besoins d&#8217;asssistance et coordonner les diff\u00e9rents organismes.<br \/>\nRenseignements \u00e0 l&#8217;accueil de la mairie.<\/td>\n<td width=\"220\">01.64.63.81.50<\/td>\n<\/tr>\n<tr>\n<td>Le service de <b>TELEALARME<\/b> est pr\u00e9vu pour les personnes ag\u00e9es isol\u00e9es.<br \/>\nA l&#8217;aide d&#8217;un bracelet, elles sont reli\u00e9es 24h\/24 \u00e0 une \u00e9coute permanente pouvant intervenir.<\/td>\n<td>01.60.04.31.94<\/td>\n<\/tr>\n<tr>\n<td><b>Service de repas \u00e0 domicile :<\/b><br \/>\nSe renseigner en mairie<\/td>\n<td>01.64.63.81.50<\/td>\n<\/tr>\n<tr>\n<td><b>Assistante Sociale de la CPAM<\/b><br \/>\n14, rue Marcel Clavier &#8211; 77130 COULOMMIERS<\/td>\n<td>01.64.75.66.25<\/td>\n<\/tr>\n<tr>\n<td><b>Caisse d&#8217;Allocation Familiale (CAF)<\/b><br \/>\n21, avenue du G\u00e9n\u00e9ral Leclerc &#8211; 77024 MELUN Cedex<br \/>\n1, Avenue de la R\u00e9publique &#8211; 77100 MEAUX<\/td>\n<td>08.10.25.77.10 &#8211;<br \/>\n<a href=\"http:\/\/www.caf.fr\/allocataires\/caf-de-seine-et-marne\/actualites\/annee\/2020\/la-caf-vous-informe\" target=\"blank\" rel=\"noopener noreferrer\">http:\/\/www.caf.fr\/allocataires\/caf-de-seine-et-marne\/actualites\/annee\/2020\/la-caf-vous-informe<\/a><\/td>\n<\/tr>\n<tr>\n<td><b>Caisse Primaire d&#8217;Assistance Maladie (CPAM)<\/b><br \/>\n77605 MARNE LA VALLEE Cedex 03<\/td>\n<td>36 46<br \/>\n<a href=\"http:\/\/www.ameli.fr\/\" target=\"blank\" rel=\"noopener noreferrer\">http:\/\/www.ameli.fr\/<\/a><\/td>\n<\/tr>\n<tr>\n<td><b>Logement 77 ADIL<\/b><br \/>\nCentre d&#8217;information sur l&#8217;habitat &#8211; 52 rue de l&#8217;Abreuvoir &#8211; 77100 MEAUX<\/td>\n<td>01.60.25.11.81<br \/>\n<a href=\"https:\/\/www.adil77.org\" target=\"blank\" rel=\"noopener noreferrer\">https:\/\/www.adil77.org<\/a>\/<\/td>\n<\/tr>\n<tr>\n<td><b>PAM 77<\/b> Aide \u00e0 la mobilit\u00e9 des handicap\u00e9s.<br \/>\nConseil G\u00e9n\u00e9ral de Seine-et-Marne<\/td>\n<td>01.64.10.69.00<br \/>\nmail : contact@pam77.iledefrance-mobilites.fr<\/td>\n<\/tr>\n<tr>\n<td><b>P\u00f4le Autonomie Territorial<\/b><br \/>\n3, rue de la Chapelle &#8211; 77580 CRECY-LA-CHAPELLE<br \/>\nOuvert le mercredi matin<\/td>\n<td>01.64.07.79.79<br \/>\n<a href=\"https:\/\/www.seine-et-marne.fr\/fr\/annuaire-lieu\/pat-coulommiers-antenne-de-crecy-la-chapelle-maison-des-services-au-public\" target=\"blank\" rel=\"noopener noreferrer\">https:\/\/www.seine-et-marne.fr\/fr\/annuaire-lieu\/pat-coulommiers-antenne-de-crecy-la-chapelle-maison-des-services-au-public<\/a><\/td>\n<\/tr>\n<tr>\n<td><b>Direction D\u00e9partementale de la Coh\u00e9sion Sociale (DDCS)<\/b><br \/>\n20 Quai Hippolyte Rossignol,<br \/>\n77000 Melun.<\/td>\n<td>01.75.18.70.00<\/td>\n<\/tr>\n<tr>\n<td>PORTAIL NATIONAL D&#8217;INFORMATIONS POUR L&#8217;AUTONOMIE DES PERSONNES \u00c2G\u00c9ES ET LEURS PROCHES<\/td>\n<td><a href=\"http:\/\/www.mdph77.fr\" target=\"blank\" rel=\"noopener noreferrer\">http:\/\/www.mdph77.fr<\/a><\/td>\n<\/tr>\n<\/tbody>\n<\/table>\n<\/div>\n","protected":false},"excerpt":{"rendered":"<p>Adresse et n\u00b0 de t\u00e9l\u00e9phone des services sociaux locaux<\/p>\n","protected":false},"author":1,"featured_media":0,"comment_status":"open","ping_status":"open","sticky":false,"template":"","format":"standard","meta":{"footnotes":""},"categories":[49],"tags":[],"class_list":["post-48","post","type-post","status-publish","format-standard","hentry","category-adresses-et-numeros-utiles"],"_links":{"self":[{"href":"https:\/\/voulangis.fr\/index.php?rest_route=\/wp\/v2\/posts\/48"}],"collection":[{"href":"https:\/\/voulangis.fr\/index.php?rest_route=\/wp\/v2\/posts"}],"about":[{"href":"https:\/\/voulangis.fr\/index.php?rest_route=\/wp\/v2\/types\/post"}],"author":[{"embeddable":true,"href":"https:\/\/voulangis.fr\/index.php?rest_route=\/wp\/v2\/users\/1"}],"replies":[{"embeddable":true,"href":"https:\/\/voulangis.fr\/index.php?rest_route=%2Fwp%2Fv2%2Fcomments&post=48"}],"version-history":[{"count":16,"href":"https:\/\/voulangis.fr\/index.php?rest_route=\/wp\/v2\/posts\/48\/revisions"}],"predecessor-version":[{"id":1715,"href":"https:\/\/voulangis.fr\/index.php?rest_route=\/wp\/v2\/posts\/48\/revisions\/1715"}],"wp:attachment":[{"href":"https:\/\/voulangis.fr\/index.php?rest_route=%2Fwp%2Fv2%2Fmedia&parent=48"}],"wp:term":[{"taxonomy":"category","embeddable":true,"href":"https:\/\/voulangis.fr\/index.php?rest_route=%2Fwp%2Fv2%2Fcategories&post=48"},{"taxonomy":"post_tag","embeddable":true,"href":"https:\/\/voulangis.fr\/index.php?rest_route=%2Fwp%2Fv2%2Ftags&post=48"}],"curies":[{"name":"wp","href":"https:\/\/api.w.org\/{rel}","templated":true}]}}