{"id":501,"date":"2019-09-22T18:14:00","date_gmt":"2019-09-22T18:14:00","guid":{"rendered":""},"modified":"-0001-11-30T00:00:00","modified_gmt":"-0001-11-29T22:00:00","slug":"","status":"publish","type":"post","link":"https:\/\/voulangis.fr\/?p=501","title":{"rendered":"Le 75\u00e8me anniversaire de la lib\u00e9ration de Voulangis"},"content":{"rendered":"<div align=\"center\"><img decoding=\"async\" src=\"\/IMG\/evenements\/liberation_75.jpg\"><\/div>\n<p>PROGRAMME  <\/p>\n<p>VENDREDI 4 octobre<br \/>\n&#8211; 16 h-30 : Arriv\u00e9e des premiers \u00e9claireurs, pour la sortie des \u00e9coliers.<br \/>\n&#8211; 17 h 30 : Installation au clos Biget de l&#8217;ensemble des v\u00e9hicules historiques et des<br \/>\nmembres de l&#8217;association ADAHMO. <\/p>\n<p>SAMEDI 5 octobre  <br \/>\n&#8211; 10-h : D\u00e9part du convoi historique pour un parcours dans le village.<br \/>\n&#8211; 11- h : Arriv\u00e9e de celui-ci devant la mairie. <br \/>\n? Les Voulangeois sont invit\u00e9s \u00e0 se joindre \u00e0 Mr le Maire pour accueillir les valeureux soldats am\u00e9ricains. <br \/>\n? Pr\u00e9sentation des v\u00e9hicules, distribution de chocolat et chewing-gum. <br \/>\n&#8211; 12 h : Retour au campement.<br \/>\n&#8211; 15- h : Aid\u00e9e par une \u00e9quipe de b\u00e9n\u00e9voles \u00ab r\u00e9quisitionn\u00e9s \u00bb, l&#8217;intendance pr\u00e9pare le repas du soir.<br \/>\n&#8211; 19h l&#8217;\u00e9quipe organisatrice vous invite \u00e0 partager le rata du militaire. (r\u00e9servation 06 09 01 64 85)<br \/>\n&#8211; 20 h : Concert du Bottlebank Quartet : ce groupe vous interpr\u00e9tera un r\u00e9pertoire swing et blues des ann\u00e9es trente.<br \/>\n&#8211; 23 h : Extinction des feux. <\/p>\n<p>DIMANCHE 6 octobre <br \/>\n&#8211; 11h Regroupement devant la mairie, <br \/>\n? Puis c\u00e9r\u00e9monie aux monuments aux morts. Ce moment sera d\u00e9di\u00e9 \u00e0 la m\u00e9moire de ceux qui ont sacrifi\u00e9 leur vie pour notre libert\u00e9. <br \/>\n? D\u00e9p\u00f4t d&#8217;une gerbe, garde au drapeau, quelques chants de circonstance interpr\u00e9t\u00e9s par une chorale de b\u00e9n\u00e9voles.<br \/>\n&#8211; 12 h : Retour au campement pour un pique-nique participatif. A cette occasion, les anciens, qui ont connu ces dures ann\u00e9es, apporteront leur t\u00e9moignage.<br \/>\n&#8211; 16 h : D\u00e9montage du campement<br \/>\n&#8211; 18 h : D\u00e9part du convoi vers de nouvelles missions.<\/p>\n","protected":false},"excerpt":{"rendered":"<p>PROGRAMME VENDREDI 4 octobre &#8211; 16 h-30 : Arriv\u00e9e des premiers \u00e9claireurs, pour la sortie des \u00e9coliers. &#8211; 17 h 30 : Installation au clos Biget de l&#8217;ensemble des v\u00e9hicules historiques et des membres&#46;&#46;&#46;<\/p>\n","protected":false},"author":1,"featured_media":0,"comment_status":"open","ping_status":"open","sticky":false,"template":"","format":"standard","meta":{"footnotes":""},"categories":[27],"tags":[],"class_list":["post-501","post","type-post","status-publish","format-standard","hentry","category-manifestations"],"_links":{"self":[{"href":"https:\/\/voulangis.fr\/index.php?rest_route=\/wp\/v2\/posts\/501"}],"collection":[{"href":"https:\/\/voulangis.fr\/index.php?rest_route=\/wp\/v2\/posts"}],"about":[{"href":"https:\/\/voulangis.fr\/index.php?rest_route=\/wp\/v2\/types\/post"}],"author":[{"embeddable":true,"href":"https:\/\/voulangis.fr\/index.php?rest_route=\/wp\/v2\/users\/1"}],"replies":[{"embeddable":true,"href":"https:\/\/voulangis.fr\/index.php?rest_route=%2Fwp%2Fv2%2Fcomments&post=501"}],"version-history":[{"count":0,"href":"https:\/\/voulangis.fr\/index.php?rest_route=\/wp\/v2\/posts\/501\/revisions"}],"wp:attachment":[{"href":"https:\/\/voulangis.fr\/index.php?rest_route=%2Fwp%2Fv2%2Fmedia&parent=501"}],"wp:term":[{"taxonomy":"category","embeddable":true,"href":"https:\/\/voulangis.fr\/index.php?rest_route=%2Fwp%2Fv2%2Fcategories&post=501"},{"taxonomy":"post_tag","embeddable":true,"href":"https:\/\/voulangis.fr\/index.php?rest_route=%2Fwp%2Fv2%2Ftags&post=501"}],"curies":[{"name":"wp","href":"https:\/\/api.w.org\/{rel}","templated":true}]}}