{"id":83,"date":"2014-10-18T22:52:37","date_gmt":"2014-10-18T22:52:37","guid":{"rendered":""},"modified":"-0001-11-30T00:00:00","modified_gmt":"-0001-11-29T22:00:00","slug":"","status":"publish","type":"post","link":"https:\/\/voulangis.fr\/?p=83","title":{"rendered":"Le cimeti\u00e8re protestant"},"content":{"rendered":"<div align=\"voulangis\">Voulangis compte, en un lieu commun\u00e9ment appel\u00e9 bois des morts (*), un cimeti\u00e8re protestant.<br \/>\nA l&#8217;origine, ces cimeti\u00e8res improvis\u00e9s sont n\u00e9s, au pire moment des guerres de religion, du refus des pr\u00eatres d&#8217;accueillir les &#8220;h\u00e9r\u00e9tiques&#8221; dans les cimeti\u00e8res catholiques. Ils s&#8217;utilisent encore dans certaines r\u00e9gions. Celui de Voulangis est h\u00e9las \u00e0 l&#8217;abandon et m\u00e9riterait une remise en \u00e9tat, ne serait-ce que pour le respect des morts.<br \/>\nLa commune a en projet l&#8217;acquisition du terrain afin de r\u00e9habiliter le cimeti\u00e8re.<br \/>\nPetite visite au cimeti\u00e8re &#8230;\n<\/div>\n<div align=\"center\">\n<img decoding=\"async\" src=\"\/IMG\/jpg\/cimetiere\/bois_morts1.jpg\"><br \/> <br \/>\nLe bois des morts est sur la colline dominant la vall\u00e9e du grand-morin.<br \/>\n<img decoding=\"async\" src=\"\/IMG\/jpg\/cimetiere\/bois_morts2.jpg\"><br \/> <br \/>\nDu village de Voulangis, on y acc\u00e8de depuis la rue de la Croix Saint-Nicolas en premant le chemin dit des morts encore appel\u00e9 chemin rural de Moulangis \u00e0 Saint-Martin. Le bois est sur la gauche.<br \/>\n<img decoding=\"async\" src=\"\/IMG\/jpg\/cimetiere\/bois_morts3.jpg\"><br \/> <br \/>\nOn franchit la barri\u00e8re anti-quad<br \/>\n<img decoding=\"async\" src=\"\/IMG\/jpg\/cimetiere\/bois_morts4.jpg\"><br \/> <br \/>\nPuis on prend \u00e0 droite le sentier qui s&#8217;enfonce dans le bois.<br \/>\n<img decoding=\"async\" src=\"\/IMG\/jpg\/cimetiere\/bois_morts7.jpg\"><br \/> <br \/>\nEn contrebas, on d\u00e9couvre le cimeti\u00e8re, 5 ou 6 pierres tombales \u00e0 l&#8217;abandon.<br \/>\n<img decoding=\"async\" src=\"\/IMG\/jpg\/cimetiere\/bois_morts5.jpg\"><br \/> <br \/>\n&#8220;Ici repose Jean Martin chevalier de la l\u00e9gion d&#8217;honneur m\u00e9daill\u00e9 de sainte H\u00e9l\u00e8ne<br \/>\ndocteur en chirurgie ancien chirurgien aide major des arm\u00e9es impariales<br \/>\nancien m\u00e9decin et chirurgien de l&#8217;hospice de Crecy<br \/>\nd\u00e9c\u00e9d\u00e9 dans cette ville le 22 7bre 1868 \u00e0 l&#8217;age de 80 ans et 7 mois<br \/>\nPriez pour lui &#8220;<br \/>\n<img decoding=\"async\" src=\"\/IMG\/jpg\/cimetiere\/bois_morts6.jpg\"><br \/> <br \/>\nIci repose Jean Emile Martin ancien fonctionnaire au minist\u00e8re de l&#8217;instruction publique<br \/>\nn\u00e9 \u00e0 Crecy le 6 juillet 1819; Mort le ?? juin 1870.<br \/>\nSa vie fut une longue souffrance et un admirable model de r\u00e9signation.<br \/>\n<img decoding=\"async\" src=\"\/IMG\/jpg\/cimetiere\/bois_morts8.jpg\"><br \/> <br \/>\nLe cimeti\u00e8re d&#8217;une famille qui n&#8217;existe plus ou qui a oubli\u00e9 &#8230;<br \/>\n<img decoding=\"async\" src=\"\/IMG\/jpg\/cimetiere\/bois_morts10.jpg\"><br \/> <br \/>\nLa sortie du bois vers la vall\u00e9e<br \/>\n<img decoding=\"async\" src=\"\/IMG\/jpg\/cimetiere\/bois_morts9.jpg\"><br \/> <br \/>\no\u00f9 l&#8217;on aper\u00e7oit la coll\u00e9giale de la Chapelle.<br \/>\n<img decoding=\"async\" src=\"\/IMG\/jpg\/cimetiere\/bois_morts11.jpg\"><br \/> <br \/>\nLes chemins de randonn\u00e9es balis\u00e9es sous la houlette du Pays Cr\u00e9\u00e7ois passent par le cimeti\u00e8re qui a droit \u00e0 un panneau d&#8217;explications. <br \/> \n<\/div>\n<p>(*) Il semble que ce nom de bois des morts n&#8217;ait rien \u00e0 voir avec le cimeti\u00e8re protestant mais vienne du fait qu&#8217;il longe le chemin des morts, appel\u00e9 ainsi car il \u00e9tait le chemin qui conduisait de Voulangis \u00e0 Saint-Martin, du temps o\u00f9 le seul cimeti\u00e8re du village \u00e9tait encore celui de Saint-Martin.<\/p>\n","protected":false},"excerpt":{"rendered":"<p>Voulangis compte, en un lieu commun\u00e9ment appel\u00e9 bois des morts (*), un cimeti\u00e8re protestant. A l&#8217;origine, ces cimeti\u00e8res improvis\u00e9s sont n\u00e9s, au pire moment des guerres de religion, du refus des pr\u00eatres d&#8217;accueillir les&#46;&#46;&#46;<\/p>\n","protected":false},"author":1,"featured_media":0,"comment_status":"open","ping_status":"open","sticky":false,"template":"","format":"standard","meta":{"footnotes":""},"categories":[14],"tags":[],"class_list":["post-83","post","type-post","status-publish","format-standard","hentry","category-patrimoine"],"_links":{"self":[{"href":"https:\/\/voulangis.fr\/index.php?rest_route=\/wp\/v2\/posts\/83"}],"collection":[{"href":"https:\/\/voulangis.fr\/index.php?rest_route=\/wp\/v2\/posts"}],"about":[{"href":"https:\/\/voulangis.fr\/index.php?rest_route=\/wp\/v2\/types\/post"}],"author":[{"embeddable":true,"href":"https:\/\/voulangis.fr\/index.php?rest_route=\/wp\/v2\/users\/1"}],"replies":[{"embeddable":true,"href":"https:\/\/voulangis.fr\/index.php?rest_route=%2Fwp%2Fv2%2Fcomments&post=83"}],"version-history":[{"count":0,"href":"https:\/\/voulangis.fr\/index.php?rest_route=\/wp\/v2\/posts\/83\/revisions"}],"wp:attachment":[{"href":"https:\/\/voulangis.fr\/index.php?rest_route=%2Fwp%2Fv2%2Fmedia&parent=83"}],"wp:term":[{"taxonomy":"category","embeddable":true,"href":"https:\/\/voulangis.fr\/index.php?rest_route=%2Fwp%2Fv2%2Fcategories&post=83"},{"taxonomy":"post_tag","embeddable":true,"href":"https:\/\/voulangis.fr\/index.php?rest_route=%2Fwp%2Fv2%2Ftags&post=83"}],"curies":[{"name":"wp","href":"https:\/\/api.w.org\/{rel}","templated":true}]}}